{"id":230992,"date":"2021-11-16T15:53:08","date_gmt":"2021-11-16T14:53:08","guid":{"rendered":"https:\/\/www.werentrepreneur.com\/?p=230992"},"modified":"2021-11-16T16:33:50","modified_gmt":"2021-11-16T15:33:50","slug":"what-if-in-the-years-to-come-we-were-all-auto-entrepreneurs","status":"publish","type":"post","link":"https:\/\/www.werentrepreneur.com\/en\/blog\/what-if-in-the-years-to-come-we-were-all-auto-entrepreneurs\/","title":{"rendered":"What if in the years to come, we were all auto-entrepreneurs?"},"content":{"rendered":"<p>[et_pb_section fb_built=&#8221;1&#8243; _builder_version=&#8221;4.9.10&#8243; _module_preset=&#8221;default&#8221; global_colors_info=&#8221;{}&#8221;][et_pb_row _builder_version=&#8221;4.9.10&#8243; _module_preset=&#8221;default&#8221; global_colors_info=&#8221;{}&#8221;][et_pb_column type=&#8221;4_4&#8243; _builder_version=&#8221;4.9.10&#8243; _module_preset=&#8221;default&#8221; global_colors_info=&#8221;{}&#8221;][et_pb_text _builder_version=&#8221;4.13.1&#8243; _module_preset=&#8221;default&#8221; hover_enabled=&#8221;0&#8243; global_colors_info=&#8221;{}&#8221; sticky_enabled=&#8221;0&#8243;]<\/p>\n<p><em>In 2016, when the French President resigned from the Ministry of the Economy, the cover of the French newspaper &#8220;Lib\u00e9ration&#8221; the next day used the neat headline of \u201cMacron, the auto-entrepreneur\u201d, referring to the French system whereby employees are treated similarly to UK sole traders, and obviously playing with the idea that Emmanuel Macron had just become politically \u201cself-employed\u201d. But, incidentally, he had also helped to make this altogether very new expression popular, along with the idea that everybody henceforth may possibly have to \u201cwork for themselves\u201d. <\/em><\/p>\n<p>&nbsp;<\/p>\n<h2>The auto-entrepreneur, a response to a changing world&#8230;<\/h2>\n<p>&nbsp;<\/p>\n<p>As the world really is changing, so too is the position of salaried workers within it. It used to be that companies took responsibility for the employability of their workers. It was the companies which &#8211; mostly &#8211; decided what their workers were going to do and how they were going to progress, provided their training, and guaranteed long-term job security. In the model which is slowly developing, it is the employees who are going to take responsibility for both their own sustainable employability, over either successive or parallel contracts whether precarious or otherwise, and for training, whether it be single workshops or vocational courses. Even though they will still be employees, they will be the most active agents in building their own careers. So regardless of their status they are, in a manner of speaking, auto-entrepreneurs.<\/p>\n<p>&nbsp;<\/p>\n<h2>The pros and cons of self-employment?<\/h2>\n<p>&nbsp;<\/p>\n<p><strong>The cons?<\/strong> Less security, certainty, stability, comfort, direction, and visibility\u2026<\/p>\n<p><strong>The pros?<\/strong> More opportunities, freedom, independence, scope, and time to do as you wish.<\/p>\n<p>&nbsp;<\/p>\n<p>For, contrary to what some would have us believe, the changing model is not just a reflection of hard times, organisational instability, and job insecurity. It also reflects a higher level of overall maturity in individuals, a greater capacity for independently supporting themselves, and a stronger desire for freedom and personal growth. The recent training reform reflects and encourages all of this by making continuing professional development (known as CPF in France) a personal training account which is controlled by the employee throughout their career, and no longer by their successive employers. It is also shown on another level by highly-qualified young people\u2019s undeniable appetite for start-ups with uncertain futures, rather than established companies which follow paths that are undoubtedly too well-paved.<\/p>\n<p>Whether you like it or not, self-employment is the future, in whatever form it takes for each individual, the status it assumes, and the companies it affects<\/p>\n<p>&nbsp;<\/p>\n<p>&nbsp;<\/p>\n<h2>Entrepreneurs, the world is ours&#8230;<\/h2>\n<p>&nbsp;<\/p>\n<p>It is therefore down to us &#8211; wherever we are right now &#8211; to consider what is at stake, and to accept the consequences.<\/p>\n<p>Are you an employee? It is up to each of us to take charge, to not expect anything from a company that it is not able to give, to recognise and give the best we have to offer, and to assume responsibility for our own regular professional development&#8230;do you work in HR? It is down to dedicated teams to personalise each worker\u2019s prospects, and to come up with new ways to reconcile the motivations of some with the operational requirements of others&#8230;are you a manager? It is up to each of us to back the entrepreneurial capacities of our colleagues rather than their subjugation, and to offer everyone opportunities for progression rather than only giving positions to the very best.<\/p>\n<p>In Maslow\u2019s famous hierarchy of needs, we know that progressing in this way from only satisfying safety needs to also satisfying self-actualization needs is a major achievement a priori, if not the ideal scenario. It is up to us all, each in our own way, to make sure that this freedom is synonymous with satisfaction, expression, innovation, and cooperation &#8211; and not just with exploitation or pauperism.<\/p>\n<p>[\/et_pb_text][\/et_pb_column][\/et_pb_row][\/et_pb_section]<\/p>\n","protected":false},"excerpt":{"rendered":"<p>In 2016, when the French President resigned from the Ministry of the Economy, the cover of the French newspaper &#8220;Lib\u00e9ration&#8221; the next day used the neat headline of \u201cMacron, the auto-entrepreneur\u201d, referring to the French system whereby employees are treated similarly to UK sole traders, and obviously playing with the idea that Emmanuel Macron had [&hellip;]<\/p>\n","protected":false},"author":4,"featured_media":3004,"comment_status":"open","ping_status":"open","sticky":false,"template":"","format":"standard","meta":{"_et_pb_use_builder":"on","_et_pb_old_content":"<p>[et_pb_section fb_built=\"1\" _builder_version=\"4.9.10\" _module_preset=\"default\"][et_pb_row _builder_version=\"4.9.10\" _module_preset=\"default\"][et_pb_column type=\"4_4\" _builder_version=\"4.9.10\" _module_preset=\"default\"][et_pb_text _builder_version=\"4.9.10\" _module_preset=\"default\" hover_enabled=\"0\" sticky_enabled=\"0\"]<\/p><p><em>En 2016, lorsque notre Pr\u00e9sident a d\u00e9missionn\u00e9 du minist\u00e8re de l'\u00e9conomie, la Une du journal fran\u00e7ais <a href=\"https:\/\/www.liberation.fr\/\" target=\"_blank\" rel=\"noopener\">Lib\u00e9ration<\/a> du lendemain a titr\u00e9 de mani\u00e8re soign\u00e9e \"Macron, l'auto-entrepreneur\", en r\u00e9f\u00e9rence au syst\u00e8me fran\u00e7ais selon lequel les salari\u00e9s sont assimil\u00e9s aux entrepreneurs individuels britanniques, et en jouant \u00e9videmment sur l'id\u00e9e qu'Emmanuel Macron venait de devenir politiquement \"ind\u00e9pendant\". Mais, accessoirement, il a aussi contribu\u00e9 \u00e0 populariser cette expression toute nouvelle, ainsi que l'id\u00e9e que tout le monde devra peut-\u00eatre d\u00e9sormais \"travailler pour soi\".<\/em><\/p><p>\u00a0<\/p><h2>L'auto-entrepreneur, une r\u00e9ponse au monde qui change...<\/h2><p>Le monde est en train de changer, tout comme la position du travailleur salari\u00e9. Autrefois, les entreprises \u00e9taient responsables de l'employabilit\u00e9 de leurs travailleurs. C'\u00e9taient les entreprises qui - la plupart du temps - d\u00e9cidaient de ce que leurs travailleurs allaient faire et comment ils allaient progresser, assuraient leur formation et garantissaient la s\u00e9curit\u00e9 de l'emploi \u00e0 long terme. Dans le mod\u00e8le qui se d\u00e9veloppe lentement, ce sont les salari\u00e9s qui vont prendre en charge \u00e0 la fois leur propre employabilit\u00e9 durable, sur des contrats successifs ou parall\u00e8les, pr\u00e9caires ou non, et la formation, qu'il s'agisse d'ateliers individuels ou de cours professionnels. M\u00eame s'ils seront toujours des salari\u00e9s, ils seront les agents les plus actifs dans la construction de leur propre carri\u00e8re. Ind\u00e9pendamment de leur statut, ils sont donc, en quelque sorte, des auto-entrepreneurs.<\/p><p>\u00a0<\/p><h2>Les inconv\u00e9nients et avantages de l'auto-entreprenariat ?<\/h2><p><strong>Les inconv\u00e9nients ?<\/strong> Moins de s\u00e9curit\u00e9, de certitude, de stabilit\u00e9, de confort, de direction et de visibilit\u00e9...<\/p><p><strong>Les avantages ?<\/strong> Plus d'opportunit\u00e9s, de libert\u00e9, d'ind\u00e9pendance, d'envergure et de temps pour faire ce que l'on veut.<\/p><p>Car, contrairement \u00e0 ce que certains voudraient nous faire croire, l'\u00e9volution du mod\u00e8le n'est pas seulement le reflet des temps difficiles, de l'instabilit\u00e9 organisationnelle et de l'ins\u00e9curit\u00e9 de l'emploi. Elle refl\u00e8te \u00e9galement un niveau plus \u00e9lev\u00e9 de maturit\u00e9 g\u00e9n\u00e9rale chez les individus, une plus grande capacit\u00e9 \u00e0 subvenir \u00e0 leurs besoins de mani\u00e8re ind\u00e9pendante, et un d\u00e9sir plus fort de libert\u00e9 et d'\u00e9panouissement personnel. Les diff\u00e9rentes r\u00e9formes de la formation refl\u00e8tent et encouragent tout cela en faisant de la formation professionnelle continue (appel\u00e9e CPF en France) un compte personnel de formation qui est contr\u00f4l\u00e9 par le salari\u00e9 tout au long de sa carri\u00e8re, et non plus par ses employeurs successifs. Elle se manifeste aussi \u00e0 un autre niveau par l'app\u00e9tit ind\u00e9niable des jeunes hautement qualifi\u00e9s pour les start-up \u00e0 l'avenir incertain, plut\u00f4t que pour les entreprises \u00e9tablies qui suivent des chemins sans doute trop bien trac\u00e9s.<\/p><p>Qu'on le veuille ou non, le travail ind\u00e9pendant est l'avenir, quelle que soit la forme qu'il prend pour chaque individu, le statut qu'il rev\u00eat et les entreprises qu'il touche.<\/p><p>\u00a0<\/p><h2>Entrepreneurs, le monde nous appartient...<\/h2><p>Il nous appartient donc, o\u00f9 que nous soyons, d'en mesurer les enjeux et d'en assumer les cons\u00e9quences.<\/p><p>Vous \u00eates salari\u00e9 ? C'est \u00e0 chacun d'entre nous de se prendre en charge, de ne pas attendre d'une entreprise ce qu'elle n'est pas en mesure de donner, de reconna\u00eetre et de donner le meilleur de nous-m\u00eames, d'assumer la responsabilit\u00e9 de notre d\u00e9veloppement professionnel r\u00e9gulier...<\/p><p>Vous travaillez dans les RH ? C'est \u00e0 des \u00e9quipes d\u00e9di\u00e9es qu'il revient de personnaliser les perspectives de chaque travailleur et d'imaginer de nouvelles fa\u00e7ons de concilier les motivations des uns avec les exigences op\u00e9rationnelles des autres...<\/p><p>Vous \u00eates manager ? Il appartient \u00e0 chacun d'entre nous de soutenir les capacit\u00e9s entrepreneuriales de nos collaborateurs plut\u00f4t que de les soumettre, et d'offrir \u00e0 tous des possibilit\u00e9s de progression plut\u00f4t que de ne donner des postes qu'aux meilleurs.<\/p><p>Dans la fameuse <a href=\"https:\/\/www.journaldunet.fr\/business\/dictionnaire-du-marketing\/1198237-pyramide-de-maslow-explication-de-la-pyramide-des-besoins\/\" target=\"_blank\" rel=\"noopener\">hi\u00e9rarchie des besoins de Maslow<\/a>, nous savons que progresser ainsi de la seule satisfaction des besoins de s\u00e9curit\u00e9 \u00e0 la satisfaction des besoins d'accomplissement de soi est a priori un acquis majeur, sinon le sc\u00e9nario id\u00e9al. Il nous appartient \u00e0 tous, chacun \u00e0 notre mani\u00e8re, de faire en sorte que cette libert\u00e9 soit synonyme de satisfaction, d'expression, d'innovation, de coop\u00e9ration - et non d'exploitation ou de paup\u00e9risme.<\/p><p>[\/et_pb_text][\/et_pb_column][\/et_pb_row][\/et_pb_section]<\/p>","_et_gb_content_width":"","footnotes":""},"categories":[35],"tags":[],"class_list":["post-230992","post","type-post","status-publish","format-standard","has-post-thumbnail","hentry","category-blog"],"yoast_head":"<!-- This site is optimized with the Yoast SEO plugin v27.4 - https:\/\/yoast.com\/product\/yoast-seo-wordpress\/ -->\n<title>What if in the years to come, we were all auto-entrepreneurs?<\/title>\n<meta name=\"description\" content=\"As the world really is changing, so too is the position of salaried workers within it. What if, we were all slightly auto-entrepreneurial?\" \/>\n<meta name=\"robots\" content=\"index, follow, max-snippet:-1, max-image-preview:large, max-video-preview:-1\" \/>\n<link rel=\"canonical\" href=\"https:\/\/www.werentrepreneur.com\/en\/blog\/what-if-in-the-years-to-come-we-were-all-auto-entrepreneurs\/\" \/>\n<meta property=\"og:locale\" content=\"en_US\" \/>\n<meta property=\"og:type\" content=\"article\" \/>\n<meta property=\"og:title\" content=\"What if in the years to come, we were all auto-entrepreneurs?\" \/>\n<meta property=\"og:description\" content=\"As the world really is changing, so too is the position of salaried workers within it. What if, we were all slightly auto-entrepreneurial?\" \/>\n<meta property=\"og:url\" content=\"https:\/\/www.werentrepreneur.com\/en\/blog\/what-if-in-the-years-to-come-we-were-all-auto-entrepreneurs\/\" \/>\n<meta property=\"og:site_name\" content=\"WeRentrepreneur\" \/>\n<meta property=\"article:published_time\" content=\"2021-11-16T14:53:08+00:00\" \/>\n<meta property=\"article:modified_time\" content=\"2021-11-16T15:33:50+00:00\" \/>\n<meta property=\"og:image\" content=\"https:\/\/www.werentrepreneur.com\/wp-content\/uploads\/2021\/07\/auto-entrepreneurs-article-werentrepreneur.jpg\" \/>\n\t<meta property=\"og:image:width\" content=\"700\" \/>\n\t<meta property=\"og:image:height\" content=\"467\" \/>\n\t<meta property=\"og:image:type\" content=\"image\/jpeg\" \/>\n<meta name=\"author\" content=\"Thomas Faure\" \/>\n<meta name=\"twitter:card\" content=\"summary_large_image\" \/>\n<meta name=\"twitter:label1\" content=\"Written by\" \/>\n\t<meta name=\"twitter:data1\" content=\"Thomas Faure\" \/>\n\t<meta name=\"twitter:label2\" content=\"Est. reading time\" \/>\n\t<meta name=\"twitter:data2\" content=\"4 minutes\" \/>\n<script type=\"application\/ld+json\" class=\"yoast-schema-graph\">{\"@context\":\"https:\\\/\\\/schema.org\",\"@graph\":[{\"@type\":\"Article\",\"@id\":\"https:\\\/\\\/www.werentrepreneur.com\\\/en\\\/blog\\\/what-if-in-the-years-to-come-we-were-all-auto-entrepreneurs\\\/#article\",\"isPartOf\":{\"@id\":\"https:\\\/\\\/www.werentrepreneur.com\\\/en\\\/blog\\\/what-if-in-the-years-to-come-we-were-all-auto-entrepreneurs\\\/\"},\"author\":{\"name\":\"Thomas Faure\",\"@id\":\"https:\\\/\\\/www.werentrepreneur.com\\\/#\\\/schema\\\/person\\\/bfc419336f58cb8eaec717dbfc2d5405\"},\"headline\":\"What if in the years to come, we were all auto-entrepreneurs?\",\"datePublished\":\"2021-11-16T14:53:08+00:00\",\"dateModified\":\"2021-11-16T15:33:50+00:00\",\"mainEntityOfPage\":{\"@id\":\"https:\\\/\\\/www.werentrepreneur.com\\\/en\\\/blog\\\/what-if-in-the-years-to-come-we-were-all-auto-entrepreneurs\\\/\"},\"wordCount\":714,\"commentCount\":0,\"publisher\":{\"@id\":\"https:\\\/\\\/www.werentrepreneur.com\\\/#organization\"},\"image\":{\"@id\":\"https:\\\/\\\/www.werentrepreneur.com\\\/en\\\/blog\\\/what-if-in-the-years-to-come-we-were-all-auto-entrepreneurs\\\/#primaryimage\"},\"thumbnailUrl\":\"https:\\\/\\\/www.werentrepreneur.com\\\/wp-content\\\/uploads\\\/2021\\\/07\\\/auto-entrepreneurs-article-werentrepreneur.jpg\",\"articleSection\":[\"Blog\"],\"inLanguage\":\"en-US\",\"potentialAction\":[{\"@type\":\"CommentAction\",\"name\":\"Comment\",\"target\":[\"https:\\\/\\\/www.werentrepreneur.com\\\/en\\\/blog\\\/what-if-in-the-years-to-come-we-were-all-auto-entrepreneurs\\\/#respond\"]}]},{\"@type\":\"WebPage\",\"@id\":\"https:\\\/\\\/www.werentrepreneur.com\\\/en\\\/blog\\\/what-if-in-the-years-to-come-we-were-all-auto-entrepreneurs\\\/\",\"url\":\"https:\\\/\\\/www.werentrepreneur.com\\\/en\\\/blog\\\/what-if-in-the-years-to-come-we-were-all-auto-entrepreneurs\\\/\",\"name\":\"What if in the years to come, we were all auto-entrepreneurs?\",\"isPartOf\":{\"@id\":\"https:\\\/\\\/www.werentrepreneur.com\\\/#website\"},\"primaryImageOfPage\":{\"@id\":\"https:\\\/\\\/www.werentrepreneur.com\\\/en\\\/blog\\\/what-if-in-the-years-to-come-we-were-all-auto-entrepreneurs\\\/#primaryimage\"},\"image\":{\"@id\":\"https:\\\/\\\/www.werentrepreneur.com\\\/en\\\/blog\\\/what-if-in-the-years-to-come-we-were-all-auto-entrepreneurs\\\/#primaryimage\"},\"thumbnailUrl\":\"https:\\\/\\\/www.werentrepreneur.com\\\/wp-content\\\/uploads\\\/2021\\\/07\\\/auto-entrepreneurs-article-werentrepreneur.jpg\",\"datePublished\":\"2021-11-16T14:53:08+00:00\",\"dateModified\":\"2021-11-16T15:33:50+00:00\",\"description\":\"As the world really is changing, so too is the position of salaried workers within it. What if, we were all slightly auto-entrepreneurial?\",\"breadcrumb\":{\"@id\":\"https:\\\/\\\/www.werentrepreneur.com\\\/en\\\/blog\\\/what-if-in-the-years-to-come-we-were-all-auto-entrepreneurs\\\/#breadcrumb\"},\"inLanguage\":\"en-US\",\"potentialAction\":[{\"@type\":\"ReadAction\",\"target\":[\"https:\\\/\\\/www.werentrepreneur.com\\\/en\\\/blog\\\/what-if-in-the-years-to-come-we-were-all-auto-entrepreneurs\\\/\"]}]},{\"@type\":\"ImageObject\",\"inLanguage\":\"en-US\",\"@id\":\"https:\\\/\\\/www.werentrepreneur.com\\\/en\\\/blog\\\/what-if-in-the-years-to-come-we-were-all-auto-entrepreneurs\\\/#primaryimage\",\"url\":\"https:\\\/\\\/www.werentrepreneur.com\\\/wp-content\\\/uploads\\\/2021\\\/07\\\/auto-entrepreneurs-article-werentrepreneur.jpg\",\"contentUrl\":\"https:\\\/\\\/www.werentrepreneur.com\\\/wp-content\\\/uploads\\\/2021\\\/07\\\/auto-entrepreneurs-article-werentrepreneur.jpg\",\"width\":700,\"height\":467,\"caption\":\"auto-entrepreneurs-article-werentrepreneur\"},{\"@type\":\"BreadcrumbList\",\"@id\":\"https:\\\/\\\/www.werentrepreneur.com\\\/en\\\/blog\\\/what-if-in-the-years-to-come-we-were-all-auto-entrepreneurs\\\/#breadcrumb\",\"itemListElement\":[{\"@type\":\"ListItem\",\"position\":1,\"name\":\"Accueil\",\"item\":\"https:\\\/\\\/www.werentrepreneur.com\\\/en\\\/\"},{\"@type\":\"ListItem\",\"position\":2,\"name\":\"What if in the years to come, we were all auto-entrepreneurs?\"}]},{\"@type\":\"WebSite\",\"@id\":\"https:\\\/\\\/www.werentrepreneur.com\\\/#website\",\"url\":\"https:\\\/\\\/www.werentrepreneur.com\\\/\",\"name\":\"WeRentrepreneur\",\"description\":\"Quel entrepreneur \u00eates-vous ?\",\"publisher\":{\"@id\":\"https:\\\/\\\/www.werentrepreneur.com\\\/#organization\"},\"potentialAction\":[{\"@type\":\"SearchAction\",\"target\":{\"@type\":\"EntryPoint\",\"urlTemplate\":\"https:\\\/\\\/www.werentrepreneur.com\\\/?s={search_term_string}\"},\"query-input\":{\"@type\":\"PropertyValueSpecification\",\"valueRequired\":true,\"valueName\":\"search_term_string\"}}],\"inLanguage\":\"en-US\"},{\"@type\":\"Organization\",\"@id\":\"https:\\\/\\\/www.werentrepreneur.com\\\/#organization\",\"name\":\"WeRentrepreneur\",\"url\":\"https:\\\/\\\/www.werentrepreneur.com\\\/\",\"logo\":{\"@type\":\"ImageObject\",\"inLanguage\":\"en-US\",\"@id\":\"https:\\\/\\\/www.werentrepreneur.com\\\/#\\\/schema\\\/logo\\\/image\\\/\",\"url\":\"https:\\\/\\\/www.werentrepreneur.com\\\/wp-content\\\/uploads\\\/2021\\\/10\\\/logo-werentrepreneur.png\",\"contentUrl\":\"https:\\\/\\\/www.werentrepreneur.com\\\/wp-content\\\/uploads\\\/2021\\\/10\\\/logo-werentrepreneur.png\",\"width\":600,\"height\":600,\"caption\":\"WeRentrepreneur\"},\"image\":{\"@id\":\"https:\\\/\\\/www.werentrepreneur.com\\\/#\\\/schema\\\/logo\\\/image\\\/\"}},{\"@type\":\"Person\",\"@id\":\"https:\\\/\\\/www.werentrepreneur.com\\\/#\\\/schema\\\/person\\\/bfc419336f58cb8eaec717dbfc2d5405\",\"name\":\"Thomas Faure\",\"image\":{\"@type\":\"ImageObject\",\"inLanguage\":\"en-US\",\"@id\":\"https:\\\/\\\/secure.gravatar.com\\\/avatar\\\/5b9205c49a59956be329bc555e9a38c3811bf55249259400f5663243d2f13faf?s=96&d=mm&r=g\",\"url\":\"https:\\\/\\\/secure.gravatar.com\\\/avatar\\\/5b9205c49a59956be329bc555e9a38c3811bf55249259400f5663243d2f13faf?s=96&d=mm&r=g\",\"contentUrl\":\"https:\\\/\\\/secure.gravatar.com\\\/avatar\\\/5b9205c49a59956be329bc555e9a38c3811bf55249259400f5663243d2f13faf?s=96&d=mm&r=g\",\"caption\":\"Thomas Faure\"},\"url\":\"https:\\\/\\\/www.werentrepreneur.com\\\/en\\\/author\\\/thomas\\\/\"}]}<\/script>\n<!-- \/ Yoast SEO plugin. -->","yoast_head_json":{"title":"What if in the years to come, we were all auto-entrepreneurs?","description":"As the world really is changing, so too is the position of salaried workers within it. What if, we were all slightly auto-entrepreneurial?","robots":{"index":"index","follow":"follow","max-snippet":"max-snippet:-1","max-image-preview":"max-image-preview:large","max-video-preview":"max-video-preview:-1"},"canonical":"https:\/\/www.werentrepreneur.com\/en\/blog\/what-if-in-the-years-to-come-we-were-all-auto-entrepreneurs\/","og_locale":"en_US","og_type":"article","og_title":"What if in the years to come, we were all auto-entrepreneurs?","og_description":"As the world really is changing, so too is the position of salaried workers within it. What if, we were all slightly auto-entrepreneurial?","og_url":"https:\/\/www.werentrepreneur.com\/en\/blog\/what-if-in-the-years-to-come-we-were-all-auto-entrepreneurs\/","og_site_name":"WeRentrepreneur","article_published_time":"2021-11-16T14:53:08+00:00","article_modified_time":"2021-11-16T15:33:50+00:00","og_image":[{"width":700,"height":467,"url":"https:\/\/www.werentrepreneur.com\/wp-content\/uploads\/2021\/07\/auto-entrepreneurs-article-werentrepreneur.jpg","type":"image\/jpeg"}],"author":"Thomas Faure","twitter_card":"summary_large_image","twitter_misc":{"Written by":"Thomas Faure","Est. reading time":"4 minutes"},"schema":{"@context":"https:\/\/schema.org","@graph":[{"@type":"Article","@id":"https:\/\/www.werentrepreneur.com\/en\/blog\/what-if-in-the-years-to-come-we-were-all-auto-entrepreneurs\/#article","isPartOf":{"@id":"https:\/\/www.werentrepreneur.com\/en\/blog\/what-if-in-the-years-to-come-we-were-all-auto-entrepreneurs\/"},"author":{"name":"Thomas Faure","@id":"https:\/\/www.werentrepreneur.com\/#\/schema\/person\/bfc419336f58cb8eaec717dbfc2d5405"},"headline":"What if in the years to come, we were all auto-entrepreneurs?","datePublished":"2021-11-16T14:53:08+00:00","dateModified":"2021-11-16T15:33:50+00:00","mainEntityOfPage":{"@id":"https:\/\/www.werentrepreneur.com\/en\/blog\/what-if-in-the-years-to-come-we-were-all-auto-entrepreneurs\/"},"wordCount":714,"commentCount":0,"publisher":{"@id":"https:\/\/www.werentrepreneur.com\/#organization"},"image":{"@id":"https:\/\/www.werentrepreneur.com\/en\/blog\/what-if-in-the-years-to-come-we-were-all-auto-entrepreneurs\/#primaryimage"},"thumbnailUrl":"https:\/\/www.werentrepreneur.com\/wp-content\/uploads\/2021\/07\/auto-entrepreneurs-article-werentrepreneur.jpg","articleSection":["Blog"],"inLanguage":"en-US","potentialAction":[{"@type":"CommentAction","name":"Comment","target":["https:\/\/www.werentrepreneur.com\/en\/blog\/what-if-in-the-years-to-come-we-were-all-auto-entrepreneurs\/#respond"]}]},{"@type":"WebPage","@id":"https:\/\/www.werentrepreneur.com\/en\/blog\/what-if-in-the-years-to-come-we-were-all-auto-entrepreneurs\/","url":"https:\/\/www.werentrepreneur.com\/en\/blog\/what-if-in-the-years-to-come-we-were-all-auto-entrepreneurs\/","name":"What if in the years to come, we were all auto-entrepreneurs?","isPartOf":{"@id":"https:\/\/www.werentrepreneur.com\/#website"},"primaryImageOfPage":{"@id":"https:\/\/www.werentrepreneur.com\/en\/blog\/what-if-in-the-years-to-come-we-were-all-auto-entrepreneurs\/#primaryimage"},"image":{"@id":"https:\/\/www.werentrepreneur.com\/en\/blog\/what-if-in-the-years-to-come-we-were-all-auto-entrepreneurs\/#primaryimage"},"thumbnailUrl":"https:\/\/www.werentrepreneur.com\/wp-content\/uploads\/2021\/07\/auto-entrepreneurs-article-werentrepreneur.jpg","datePublished":"2021-11-16T14:53:08+00:00","dateModified":"2021-11-16T15:33:50+00:00","description":"As the world really is changing, so too is the position of salaried workers within it. What if, we were all slightly auto-entrepreneurial?","breadcrumb":{"@id":"https:\/\/www.werentrepreneur.com\/en\/blog\/what-if-in-the-years-to-come-we-were-all-auto-entrepreneurs\/#breadcrumb"},"inLanguage":"en-US","potentialAction":[{"@type":"ReadAction","target":["https:\/\/www.werentrepreneur.com\/en\/blog\/what-if-in-the-years-to-come-we-were-all-auto-entrepreneurs\/"]}]},{"@type":"ImageObject","inLanguage":"en-US","@id":"https:\/\/www.werentrepreneur.com\/en\/blog\/what-if-in-the-years-to-come-we-were-all-auto-entrepreneurs\/#primaryimage","url":"https:\/\/www.werentrepreneur.com\/wp-content\/uploads\/2021\/07\/auto-entrepreneurs-article-werentrepreneur.jpg","contentUrl":"https:\/\/www.werentrepreneur.com\/wp-content\/uploads\/2021\/07\/auto-entrepreneurs-article-werentrepreneur.jpg","width":700,"height":467,"caption":"auto-entrepreneurs-article-werentrepreneur"},{"@type":"BreadcrumbList","@id":"https:\/\/www.werentrepreneur.com\/en\/blog\/what-if-in-the-years-to-come-we-were-all-auto-entrepreneurs\/#breadcrumb","itemListElement":[{"@type":"ListItem","position":1,"name":"Accueil","item":"https:\/\/www.werentrepreneur.com\/en\/"},{"@type":"ListItem","position":2,"name":"What if in the years to come, we were all auto-entrepreneurs?"}]},{"@type":"WebSite","@id":"https:\/\/www.werentrepreneur.com\/#website","url":"https:\/\/www.werentrepreneur.com\/","name":"WeRentrepreneur","description":"Quel entrepreneur \u00eates-vous ?","publisher":{"@id":"https:\/\/www.werentrepreneur.com\/#organization"},"potentialAction":[{"@type":"SearchAction","target":{"@type":"EntryPoint","urlTemplate":"https:\/\/www.werentrepreneur.com\/?s={search_term_string}"},"query-input":{"@type":"PropertyValueSpecification","valueRequired":true,"valueName":"search_term_string"}}],"inLanguage":"en-US"},{"@type":"Organization","@id":"https:\/\/www.werentrepreneur.com\/#organization","name":"WeRentrepreneur","url":"https:\/\/www.werentrepreneur.com\/","logo":{"@type":"ImageObject","inLanguage":"en-US","@id":"https:\/\/www.werentrepreneur.com\/#\/schema\/logo\/image\/","url":"https:\/\/www.werentrepreneur.com\/wp-content\/uploads\/2021\/10\/logo-werentrepreneur.png","contentUrl":"https:\/\/www.werentrepreneur.com\/wp-content\/uploads\/2021\/10\/logo-werentrepreneur.png","width":600,"height":600,"caption":"WeRentrepreneur"},"image":{"@id":"https:\/\/www.werentrepreneur.com\/#\/schema\/logo\/image\/"}},{"@type":"Person","@id":"https:\/\/www.werentrepreneur.com\/#\/schema\/person\/bfc419336f58cb8eaec717dbfc2d5405","name":"Thomas Faure","image":{"@type":"ImageObject","inLanguage":"en-US","@id":"https:\/\/secure.gravatar.com\/avatar\/5b9205c49a59956be329bc555e9a38c3811bf55249259400f5663243d2f13faf?s=96&d=mm&r=g","url":"https:\/\/secure.gravatar.com\/avatar\/5b9205c49a59956be329bc555e9a38c3811bf55249259400f5663243d2f13faf?s=96&d=mm&r=g","contentUrl":"https:\/\/secure.gravatar.com\/avatar\/5b9205c49a59956be329bc555e9a38c3811bf55249259400f5663243d2f13faf?s=96&d=mm&r=g","caption":"Thomas Faure"},"url":"https:\/\/www.werentrepreneur.com\/en\/author\/thomas\/"}]}},"_links":{"self":[{"href":"https:\/\/www.werentrepreneur.com\/en\/wp-json\/wp\/v2\/posts\/230992","targetHints":{"allow":["GET"]}}],"collection":[{"href":"https:\/\/www.werentrepreneur.com\/en\/wp-json\/wp\/v2\/posts"}],"about":[{"href":"https:\/\/www.werentrepreneur.com\/en\/wp-json\/wp\/v2\/types\/post"}],"author":[{"embeddable":true,"href":"https:\/\/www.werentrepreneur.com\/en\/wp-json\/wp\/v2\/users\/4"}],"replies":[{"embeddable":true,"href":"https:\/\/www.werentrepreneur.com\/en\/wp-json\/wp\/v2\/comments?post=230992"}],"version-history":[{"count":4,"href":"https:\/\/www.werentrepreneur.com\/en\/wp-json\/wp\/v2\/posts\/230992\/revisions"}],"predecessor-version":[{"id":231043,"href":"https:\/\/www.werentrepreneur.com\/en\/wp-json\/wp\/v2\/posts\/230992\/revisions\/231043"}],"wp:featuredmedia":[{"embeddable":true,"href":"https:\/\/www.werentrepreneur.com\/en\/wp-json\/wp\/v2\/media\/3004"}],"wp:attachment":[{"href":"https:\/\/www.werentrepreneur.com\/en\/wp-json\/wp\/v2\/media?parent=230992"}],"wp:term":[{"taxonomy":"category","embeddable":true,"href":"https:\/\/www.werentrepreneur.com\/en\/wp-json\/wp\/v2\/categories?post=230992"},{"taxonomy":"post_tag","embeddable":true,"href":"https:\/\/www.werentrepreneur.com\/en\/wp-json\/wp\/v2\/tags?post=230992"}],"curies":[{"name":"wp","href":"https:\/\/api.w.org\/{rel}","templated":true}]}}